{"id":1159,"date":"2020-02-10T22:37:00","date_gmt":"2020-02-10T21:37:00","guid":{"rendered":"http:\/\/www.rainerliebe.de\/?p=1159"},"modified":"2020-02-10T23:44:26","modified_gmt":"2020-02-10T22:44:26","slug":"madeira","status":"publish","type":"post","link":"http:\/\/www.rainerliebe.de\/?p=1159","title":{"rendered":"Madeira"},"content":{"rendered":"<p>Eine gr\u00fcne Insel inmitten des Atlantiks. Ich habe mir das Klima rauer vorgestellt. Der Ruf einer Wander-Insel ist absolut gerechtfertigt. Die Wanderungen entlang von Levadas (Wasserkan\u00e4len) ebenso.<\/p>\n<figure class=\"embed-gphotos  wp-caption\"><a href=\"https:\/\/photos.google.com\/share\/AF1QipPkMeQ0tTo7GCt1Y8QlQPq4D8HukkYK8LgkKLRY2G7g2H3RxQCqu6M8ehQNWN5urQ?key=LWRaREk5VEczMjdvaWtmYzhoaXdxYTZ5eUJEdG13\" target=\"_blank\"><img loading=\"lazy\" decoding=\"async\"    src=\"https:\/\/lh3.googleusercontent.com\/gZlswV5BcMpSe101uNnTFZm7qkXAPmu4Spndw4-se0jhwTaWgAlpnWGBCyVkNIAkYP2z9LkZrOgOBEWvpa1b2eCNqvloOmw5KldEgu1dvtY_q78Jht6ew-k8K9sihBht4l1Z6EtaiVw=w900-h1000\" width=\"900\" height=\"600\"   ><\/a><figcaption class=\"wp-caption-text\"><a href=\"https:\/\/photos.google.com\/share\/AF1QipPkMeQ0tTo7GCt1Y8QlQPq4D8HukkYK8LgkKLRY2G7g2H3RxQCqu6M8ehQNWN5urQ?key=LWRaREk5VEczMjdvaWtmYzhoaXdxYTZ5eUJEdG13\" target=\"_blank\">New photo by Rainer Liebe \/ Google Photos<\/a><\/figcaption><\/figure>\n<p>Die Insel hat mich \u00fcberrascht mit ihren zahlreichen Facetten. Gerne w\u00fcrde ich das n\u00e4chste Mal die eine oder andere Tour auf eigene Faust ausprobieren.<br \/>\nMit Frosch Sportreisen war es &#8211; wie immer &#8211; eine angenehme Reise auf der Wanderinsel. Hier mein Album (durch Klick auf das Foto):<\/p>\n<figure class=\"embed-gphotos  wp-caption\"><a href=\"https:\/\/photos.google.com\/share\/AF1QipM_V7o3AFN7u4vdDtYGYWm2phCWKa2tphr8v54F9bVFMsr03MU9upRpBJOLP_ti8A?key=OExfTzYxcWM1VU0tNzllQzY4NU9qeFY4T2NVVHNn\" target=\"_blank\"><img loading=\"lazy\" decoding=\"async\"    src=\"https:\/\/lh3.googleusercontent.com\/tYeVB_r0JlgX6kqdtImizVA26p2mzLYr4jQQKUaaKnLjtAcyK_insJsGZFtV61nL56d0HFaC-LiOyDQmujl_fSPGIlfr2jGzMjQNipogOZTyQkVik3NpYCqGeCjwGcko69hGJDxT6Ds=w900-h1000\" width=\"900\" height=\"600\"   ><\/a><figcaption class=\"wp-caption-text\"><a href=\"https:\/\/photos.google.com\/share\/AF1QipM_V7o3AFN7u4vdDtYGYWm2phCWKa2tphr8v54F9bVFMsr03MU9upRpBJOLP_ti8A?key=OExfTzYxcWM1VU0tNzllQzY4NU9qeFY4T2NVVHNn\" target=\"_blank\">37 new photos by Rainer Liebe \/ Google Photos<\/a><\/figcaption><\/figure>\n","protected":false},"excerpt":{"rendered":"<p>Eine gr\u00fcne Insel inmitten des Atlantiks. Ich habe mir das Klima rauer vorgestellt. Der Ruf einer Wander-Insel ist absolut gerechtfertigt. Die Wanderungen entlang von Levadas (Wasserkan\u00e4len) ebenso. New photo by Rainer Liebe \/ Google Photos Die Insel hat mich \u00fcberrascht mit ihren zahlreichen Facetten. Gerne w\u00fcrde ich das n\u00e4chste Mal die eine oder andere Tour &hellip; <span class=\"read-more\"><a href=\"http:\/\/www.rainerliebe.de\/?p=1159\" class=\"more-link\">Read More<\/a><\/span><\/p>\n","protected":false},"author":1,"featured_media":0,"comment_status":"closed","ping_status":"closed","sticky":false,"template":"","format":"standard","meta":{"footnotes":""},"categories":[1],"tags":[20,19],"class_list":["post-1159","post","type-post","status-publish","format-standard","hentry","category-allgemein","tag-madeira","tag-reisen"],"_links":{"self":[{"href":"http:\/\/www.rainerliebe.de\/index.php?rest_route=\/wp\/v2\/posts\/1159","targetHints":{"allow":["GET"]}}],"collection":[{"href":"http:\/\/www.rainerliebe.de\/index.php?rest_route=\/wp\/v2\/posts"}],"about":[{"href":"http:\/\/www.rainerliebe.de\/index.php?rest_route=\/wp\/v2\/types\/post"}],"author":[{"embeddable":true,"href":"http:\/\/www.rainerliebe.de\/index.php?rest_route=\/wp\/v2\/users\/1"}],"replies":[{"embeddable":true,"href":"http:\/\/www.rainerliebe.de\/index.php?rest_route=%2Fwp%2Fv2%2Fcomments&post=1159"}],"version-history":[{"count":7,"href":"http:\/\/www.rainerliebe.de\/index.php?rest_route=\/wp\/v2\/posts\/1159\/revisions"}],"predecessor-version":[{"id":1216,"href":"http:\/\/www.rainerliebe.de\/index.php?rest_route=\/wp\/v2\/posts\/1159\/revisions\/1216"}],"wp:attachment":[{"href":"http:\/\/www.rainerliebe.de\/index.php?rest_route=%2Fwp%2Fv2%2Fmedia&parent=1159"}],"wp:term":[{"taxonomy":"category","embeddable":true,"href":"http:\/\/www.rainerliebe.de\/index.php?rest_route=%2Fwp%2Fv2%2Fcategories&post=1159"},{"taxonomy":"post_tag","embeddable":true,"href":"http:\/\/www.rainerliebe.de\/index.php?rest_route=%2Fwp%2Fv2%2Ftags&post=1159"}],"curies":[{"name":"wp","href":"https:\/\/api.w.org\/{rel}","templated":true}]}}